{"id":267,"date":"2012-04-24T03:16:07","date_gmt":"2012-04-24T03:16:07","guid":{"rendered":"http:\/\/bettina-pauly.com\/?p=267"},"modified":"2013-03-03T00:57:03","modified_gmt":"2013-03-03T00:57:03","slug":"exhibition-at-goethe-institut-in-san-francisco","status":"publish","type":"post","link":"https:\/\/bettina-pauly.com\/?p=267","title":{"rendered":"Exhibition at Goethe Institut in San Francisco"},"content":{"rendered":"<p>Ausstellung<br \/>\n26. April \u2013 25.Mai 2012<br \/>\nVernissage am 26.April um 18.30 Uhr<br \/>\nGoethe-Institut<br \/>\nART-Lounge<br \/>\n530 Bush Street<br \/>\nStreet Level<br \/>\nSan Francisco<\/p>\n<p>Das Goethe-Institut San Francisco l\u00e4dt bekannte deutsche K\u00fcnstler aus San Francisco und Umgebung ein, ihre eigene k\u00fcnstlerische Interpretation des 200j\u00e4hrigen Jubil\u00e4ums der Gebr\u00fcder Grimm vorzustellen. Ihre Werke &#8211; Bilder, Zeichnungen, Photos und Installationen \u2013 sind im Rahmen einer Gemeinschaftsausstellung zu Ehren der Br\u00fcder Grimm am Goethe-Institut zu sehen.<\/p>\n<p><strong>Teilnehmende K\u00fcnstler:<\/strong><\/p>\n<ul>\n<li>Karin Blobel<\/li>\n<li>Rena Buchgraber<\/li>\n<li>Chris Ehlers<\/li>\n<li>Hilla Hueber<\/li>\n<li>Susanne Kaspar<\/li>\n<li>Katja Leibenath<\/li>\n<li>Bettina Pauly<\/li>\n<li>Bobby Reich-Patri<\/li>\n<li>Heike Seefeldt<\/li>\n<li>Anne Siems<\/li>\n<li>Mario Wagner<\/li>\n<\/ul>\n<p><strong>\u00d6ffnungszeiten:<\/strong><br \/>\nMontag &#8211; Donnerstag: 10-18 Uhr<br \/>\nFreitag: 10-16 Uhr<\/p>\n","protected":false},"excerpt":{"rendered":"<p>Ausstellung 26. April \u2013 25.Mai 2012 Vernissage am 26.April um 18.30 Uhr Goethe-Institut ART-Lounge 530 Bush Street Street Level San Francisco Das Goethe-Institut San Francisco l\u00e4dt bekannte deutsche K\u00fcnstler aus San Francisco und Umgebung ein, ihre eigene k\u00fcnstlerische Interpretation des 200j\u00e4hrigen Jubil\u00e4ums der Gebr\u00fcder Grimm vorzustellen. Ihre Werke &#8211; Bilder, Zeichnungen, Photos und Installationen \u2013 [&hellip;]<\/p>\n","protected":false},"author":1,"featured_media":0,"comment_status":"open","ping_status":"open","sticky":false,"template":"","format":"standard","meta":{"footnotes":""},"categories":[6],"tags":[],"class_list":["post-267","post","type-post","status-publish","format-standard","hentry","category-exhibitions"],"_links":{"self":[{"href":"https:\/\/bettina-pauly.com\/index.php?rest_route=\/wp\/v2\/posts\/267","targetHints":{"allow":["GET"]}}],"collection":[{"href":"https:\/\/bettina-pauly.com\/index.php?rest_route=\/wp\/v2\/posts"}],"about":[{"href":"https:\/\/bettina-pauly.com\/index.php?rest_route=\/wp\/v2\/types\/post"}],"author":[{"embeddable":true,"href":"https:\/\/bettina-pauly.com\/index.php?rest_route=\/wp\/v2\/users\/1"}],"replies":[{"embeddable":true,"href":"https:\/\/bettina-pauly.com\/index.php?rest_route=%2Fwp%2Fv2%2Fcomments&post=267"}],"version-history":[{"count":5,"href":"https:\/\/bettina-pauly.com\/index.php?rest_route=\/wp\/v2\/posts\/267\/revisions"}],"predecessor-version":[{"id":718,"href":"https:\/\/bettina-pauly.com\/index.php?rest_route=\/wp\/v2\/posts\/267\/revisions\/718"}],"wp:attachment":[{"href":"https:\/\/bettina-pauly.com\/index.php?rest_route=%2Fwp%2Fv2%2Fmedia&parent=267"}],"wp:term":[{"taxonomy":"category","embeddable":true,"href":"https:\/\/bettina-pauly.com\/index.php?rest_route=%2Fwp%2Fv2%2Fcategories&post=267"},{"taxonomy":"post_tag","embeddable":true,"href":"https:\/\/bettina-pauly.com\/index.php?rest_route=%2Fwp%2Fv2%2Ftags&post=267"}],"curies":[{"name":"wp","href":"https:\/\/api.w.org\/{rel}","templated":true}]}}